[{"@context":"https:\/\/schema.org\/","@type":"Article","@id":"https:\/\/www.aebi.cz\/at-se-miminka-maji-co-nejlepe\/#Article","mainEntityOfPage":"https:\/\/www.aebi.cz\/at-se-miminka-maji-co-nejlepe\/","headline":"A\u0165 se miminka maj\u00ed co nejl\u00e9pe!","name":"A\u0165 se miminka maj\u00ed co nejl\u00e9pe!","description":"Spr\u00e1va o radostn\u00e9 ud\u00e1losti, jakou je o\u010dek\u00e1v\u00e1n\u00ed d\u011b\u0165\u00e1tka, zas\u00e1hne v\u0161echny, kte\u0159\u00ed maj\u00ed s rodi\u010di jejich budouc\u00edho potomka n\u011bco spole\u010dn\u00e9. Je to tak velkolep\u00e1 ud\u00e1lost, \u017ee si nikdo nem\u016f\u017ee pomoci a p\u0159edem po\u0159izujete tolik v\u011bc\u00ed, kter\u00e9 miminko bude nutn\u011b pot\u0159ebovat, a\u017e je nem\u00e1te kam d\u00e1vat. Je to samoz\u0159ejm\u011b jen dob\u0159e a bu\u010fte za tyto dary r\u00e1di,&hellip; ","datePublished":"2017-08-24","dateModified":"2023-05-05","author":{"@type":"Person","@id":"https:\/\/www.aebi.cz\/author\/#Person","name":"aebi.cz\n","url":"https:\/\/www.aebi.cz\/author\/","identifier":1,"image":{"@type":"ImageObject","@id":"https:\/\/secure.gravatar.com\/avatar\/e32c915fa5b274a4469e3ef5c1f9837e76577a60613858c5c8a74a3de98e33bc?s=96&d=mm&r=g","url":"https:\/\/secure.gravatar.com\/avatar\/e32c915fa5b274a4469e3ef5c1f9837e76577a60613858c5c8a74a3de98e33bc?s=96&d=mm&r=g","height":96,"width":96}},"publisher":{"@type":"Organization","name":"aebi.cz","logo":{"@type":"ImageObject","@id":"\/logo.png","url":"\/logo.png","width":600,"height":60}},"image":{"@type":"ImageObject","@id":"https:\/\/aebi.cz\/wp-content\/uploads\/img_a323480_w2275_t1535137347.jpg","url":"https:\/\/aebi.cz\/wp-content\/uploads\/img_a323480_w2275_t1535137347.jpg","height":"","width":""},"url":"https:\/\/www.aebi.cz\/at-se-miminka-maji-co-nejlepe\/","about":["Neza\u0159azen\u00e9"],"wordCount":461,"articleBody":"Spr\u00e1va o radostn\u00e9 ud\u00e1losti, jakou je o\u010dek\u00e1v\u00e1n\u00ed d\u011b\u0165\u00e1tka, zas\u00e1hne v\u0161echny, kte\u0159\u00ed maj\u00ed s rodi\u010di jejich budouc\u00edho potomka n\u011bco spole\u010dn\u00e9. Je to tak velkolep\u00e1 ud\u00e1lost, \u017ee si nikdo nem\u016f\u017ee pomoci a p\u0159edem po\u0159izujete tolik v\u011bc\u00ed, kter\u00e9 miminko bude nutn\u011b pot\u0159ebovat, a\u017e je nem\u00e1te kam d\u00e1vat. Je to samoz\u0159ejm\u011b jen dob\u0159e a bu\u010fte za tyto dary r\u00e1di, proto\u017ee nikdy nev\u00edte, co se v\u00e1m bude hodit. Jako rodi\u010de si v\u0161ak ani vy nenech\u00e1te uj\u00edt tu mo\u017enost, rozpl\u00fdvat se nad n\u00e1dhern\u00fdm oble\u010den\u00edm pro miminka, ze kter\u00e9ho lze vyb\u00edrat. Ale mus\u00edte vyb\u00edrat spr\u00e1vn\u011b!&#13;\tRozhoduje nejen design, ale i kvalita&#13;Samoz\u0159ejm\u011b, \u017ee natref\u00edte na \u0159adu oble\u010den\u00ed, kter\u00e9 bude sv\u00fdm vzhledem natolik roztomil\u00e9, a\u017e v\u00e1m slzy pote\u010dou proudem. Co se t\u00fd\u010de od\u011bvu pro kojence, nen\u00ed dobr\u00e9 se zam\u011b\u0159ovat pouze na samotn\u00fd design, ale b\u00fdt zodpov\u011bdn\u00ed a hledat opravdovou kvalitu. V sortimentu, kter\u00fd v\u00e1m nab\u00edz\u00edme, se m\u016f\u017eete rozhl\u00e9dnout po skute\u010dn\u00e9m luxusu, co se t\u00fd\u010de materi\u00e1lu a prakti\u010dnosti od\u011bv\u016f. Velk\u00fd d\u016fraz klademe na ov\u011b\u0159en\u00e9 zna\u010dky, spokojen\u00e9 z\u00e1kazn\u00edky a p\u0159edev\u0161\u00edm na miminka, kter\u00e9 si zaslou\u017e\u00ed jen to nejlep\u0161\u00ed!&#13;Zam\u011b\u0159it se m\u016f\u017eete dokonce na dal\u0161\u00ed pot\u0159ebn\u00e9 a nepostradateln\u00e9 dopl\u0148ky, kter\u00e9 va\u0161e d\u011b\u0165\u00e1tko v dob\u011b jeho ml\u00e1d\u00ed \u2013 ur\u010dit\u011b vyu\u017eije. Je toti\u017e d\u016fle\u017eit\u00e9 i to, na \u010dem nebo v \u010dem sp\u00ed a do \u010deho ho zabal\u00edte, po tepl\u00e9 a p\u0159\u00edjemn\u00e9 koupeli. V\u0161e se\u017eenete na jednom m\u00edst\u011b a m\u016f\u017eete si b\u00fdt jist\u00ed, \u017ee budete r\u00e1di za vst\u0159\u00edcnost person\u00e1lu, jakost oble\u010den\u00ed a va\u0161e miminko, kter\u00e9 bude m\u00edt na tv\u00e1\u0159i\u010dce \u00fasm\u011bv z pocitu, jak jste se o n\u011bho d\u016fkladn\u011b postarali.&#13;\tO ka\u017ed\u00e9ho bude postar\u00e1no&#13;T\u011b\u0161it se velk\u00e9mu v\u00fdb\u011bru, m\u016f\u017eete v ka\u017ed\u00e9m ohledu. A\u0165 u\u017e budete pot\u0159ebovat sehnat jakoukoliv velikost, nebudete m\u00edt probl\u00e9m, proto\u017ee je sortiment pestr\u00fd a zam\u011b\u0159uje se na ob\u011b pohlav\u00ed. Pot\u011b\u0161it va\u0161e budouc\u00ed ratolesti m\u016f\u017eete i hra\u010dkami,\u00a0 kter\u00fdch nen\u00ed nikdy dost nebo origin\u00e1ln\u00edmi oble\u010dky s n\u00e1pisy. Dop\u0159ejte si i vy v\u00fdbavi\u010dku, kter\u00e1 bude pestr\u00e1 na sv\u00e9 barvy, kvalitn\u00ed od hlavy a\u017e k pat\u011b a nab\u00eddne v\u00e1m v\u0161e, co v\u00edte, \u017ee jako maminka ocen\u00edte pro blaho va\u0161eho mal\u00e9ho z\u00e1zraku.                                                                                                                                                                                                                                                                                                                                                                                        4.2\/5 - (4 votes)        "},{"@context":"https:\/\/schema.org\/","@type":"BreadcrumbList","itemListElement":[{"@type":"ListItem","position":1,"name":"A\u0165 se miminka maj\u00ed co nejl\u00e9pe!","item":"https:\/\/www.aebi.cz\/at-se-miminka-maji-co-nejlepe\/#breadcrumbitem"}]}]