[{"@context":"https:\/\/schema.org\/","@type":"Article","@id":"https:\/\/www.aebi.cz\/kouzelna-cerna\/#Article","mainEntityOfPage":"https:\/\/www.aebi.cz\/kouzelna-cerna\/","headline":"Kouzeln\u00e1 \u010dern\u00e1","name":"Kouzeln\u00e1 \u010dern\u00e1","description":"\u010cern\u00e1 barva je sice pova\u017eov\u00e1na za barvu smutku. Ale kdy\u017e se do \u010dern\u00e9 nezahal\u00edte \u00fapln\u011b od hlavy a\u017e k&nbsp;pat\u011b, vypad\u00e1 b\u00e1je\u010dn\u011b. M\u016f\u017eete ji kombinovat jakkoliv, s&nbsp;\u010d\u00edmkoliv, sta\u010d\u00ed p\u0159idat vhodn\u00fd dopln\u011bk a budete za hv\u011bzdu. A nav\u00edc m\u00e1 jednu opravdu kouzelnou vlastnost, a to \u017ee ze\u0161t\u00edhluje. Dok\u00e1\u017ee zakr\u00fdt nedostatky postavy jak\u00e9koliv problematick\u00e9 partie. A pom\u016f\u017ee tak&hellip; ","datePublished":"2017-11-11","dateModified":"2023-05-05","author":{"@type":"Person","@id":"https:\/\/www.aebi.cz\/author\/#Person","name":"aebi.cz\n","url":"https:\/\/www.aebi.cz\/author\/","identifier":1,"image":{"@type":"ImageObject","@id":"https:\/\/secure.gravatar.com\/avatar\/e32c915fa5b274a4469e3ef5c1f9837e76577a60613858c5c8a74a3de98e33bc?s=96&d=mm&r=g","url":"https:\/\/secure.gravatar.com\/avatar\/e32c915fa5b274a4469e3ef5c1f9837e76577a60613858c5c8a74a3de98e33bc?s=96&d=mm&r=g","height":96,"width":96}},"publisher":{"@type":"Organization","name":"aebi.cz","logo":{"@type":"ImageObject","@id":"\/logo.png","url":"\/logo.png","width":600,"height":60}},"image":{"@type":"ImageObject","@id":"https:\/\/aebi.cz\/wp-content\/uploads\/img_a329480_w2275_t1541930611.jpg","url":"https:\/\/aebi.cz\/wp-content\/uploads\/img_a329480_w2275_t1541930611.jpg","height":"","width":""},"url":"https:\/\/www.aebi.cz\/kouzelna-cerna\/","about":["Neza\u0159azen\u00e9"],"wordCount":575,"articleBody":"\u010cern\u00e1 barva je sice pova\u017eov\u00e1na za barvu smutku. Ale kdy\u017e se do \u010dern\u00e9 nezahal\u00edte \u00fapln\u011b od hlavy a\u017e k&nbsp;pat\u011b, vypad\u00e1 b\u00e1je\u010dn\u011b. M\u016f\u017eete ji kombinovat jakkoliv, s&nbsp;\u010d\u00edmkoliv, sta\u010d\u00ed p\u0159idat vhodn\u00fd dopln\u011bk a budete za hv\u011bzdu. A nav\u00edc m\u00e1 jednu opravdu kouzelnou vlastnost, a to \u017ee ze\u0161t\u00edhluje. Dok\u00e1\u017ee zakr\u00fdt nedostatky postavy jak\u00e9koliv problematick\u00e9 partie. A pom\u016f\u017ee tak zvednout sebev\u011bdom\u00ed. A to je fajn, nemysl\u00edte. S&nbsp;\u010d\u00edm va\u0161e \u010dern\u00e9 obl\u00edben\u00e9 kousky ide\u00e1ln\u011b kombinovat? Mo\u017enost\u00ed je v&nbsp;tomhle p\u0159\u00edpad\u011b cel\u00e1 \u0159ada. Nechte se inspirovat.&middot;&nbsp;&nbsp;&nbsp;&nbsp;&nbsp;&nbsp;&nbsp;&nbsp; \u010cern\u00e1 a v\u00fdrazn\u00e9 dopl\u0148ky: pokud obl\u00e9knete nap\u0159\u00edklad \u010dern\u00e9 \u0161aty, zvolte k&nbsp;nim boty v\u00fdrazn\u011bj\u0161\u00ed barvy a bude vlastn\u011b \u00fapln\u011b jedno, jak\u00e1 barva to bude. D\u016fle\u017eit\u00e9 ale je doplnit je kabelkou nejl\u00e9pe t\u00e9 stejn\u00e9 barvy. P\u0159idat m\u016f\u017eete jemn\u00e9 \u0161perky, ale nem\u011bly u\u017e by b\u00fdt moc v\u00fdrazn\u00e9. Vyniknout nechce \u010dern\u00e9 \u0161aty v&nbsp;dopln\u011bn\u00ed kabelky a bot stejn\u00e9ho odst\u00ednu.&middot;&nbsp;&nbsp;&nbsp;&nbsp;&nbsp;&nbsp;&nbsp;&nbsp; \u010cern\u00e1 a \u0161perky: pokud m\u00e1te r\u00e1di \u0161perky a vy\u017e\u00edv\u00e1te se v&nbsp;no\u0161en\u00ed kr\u00e1sn\u00fdch n\u00e1u\u0161nic, n\u00e1hrdeln\u00edk\u016f, n\u00e1ramk\u016f a prsten\u016f, nen\u00ed lep\u0161\u00ed barvy, se kterou vyniknou. \u010cern\u00e1 barva oble\u010den\u00ed dopln\u011bn\u00e1 o kr\u00e1sn\u00e9 \u0161perky vypad\u00e1 \u00fa\u017easn\u011b. Nejlep\u0161\u00ed volba, kdy\u017e vyr\u00e1\u017e\u00edte t\u0159eba do spole\u010dnosti, na v\u00fdznamnou ud\u00e1lost, p\u0159i zvl\u00e1\u0161tn\u00edch p\u0159\u00edle\u017eitostech. Jen pozor, v\u017edy zvolte velk\u00fd a hodn\u011b v\u00fdrazn\u00fd \u0161perk jen jeden. Tak\u017ee nechte vyniknout bu\u010f n\u00e1u\u0161nice, nebo nap\u0159\u00edklad n\u00e1hrdeln\u00edk, zbytek by m\u011bl b\u00fdt u\u017e m\u00e9n\u011b vid\u011bt a b\u00fdt sp\u00ed\u0161e decentn\u00ed.&middot;&nbsp;&nbsp;&nbsp;&nbsp;&nbsp;&nbsp;&nbsp;&nbsp; \u010cern\u00e1 a ko\u0161ile: nos\u00edte r\u00e1di ko\u0161ile. \u010cern\u00e9 p\u0159il\u00e9hav\u00e9 kalhoty vypadaj\u00ed moc dob\u0159e v&nbsp;kombinaci s&nbsp;voln\u011bj\u0161\u00ed ko\u0161il\u00ed. A je \u00fapln\u011b jedno jakou ko\u0161ili zvol\u00edte. Jestli bude jednobarevn\u00e1, v\u00edce barevn\u00e1, kostkovan\u00e1 nebo jinak vzorovan\u00e1. Dejte si k&nbsp;nim ale u\u017e boty a kabelku jednotn\u00e9 jedn\u00e9 barvy.&middot;&nbsp;&nbsp;&nbsp;&nbsp;&nbsp;&nbsp;&nbsp;&nbsp; \u010cern\u00e1 a b\u00edl\u00e1: \u010dern\u00e1 barva s&nbsp;b\u00edlou jsou naprostou klasickou kombinac\u00ed, kter\u00e1 ale s&nbsp;m\u00f3dy nevyjde asi nikdy. \u010cern\u00e9 kalhoty a b\u00edl\u00e1 ko\u0161ile nebo p\u011bkn\u00e1 origin\u00e1ln\u00ed halenka vypad\u00e1 elegantn\u011b a hod\u00ed se tak nap\u0159\u00edklad na pracovn\u00ed pohovor nebo do spole\u010dnosti. Nebudete \u00fapln\u011b form\u00e1ln\u011b oble\u010den\u00ed ale p\u0159esto elegantn\u011b a vkusn\u011b. Boty a kabelku volte nejl\u00e9pe tak\u00e9 v&nbsp;\u010dern\u00e9 barv\u011b a dopl\u0148te o p\u011bkn\u00fd ale ne moc v\u00fdrazn\u00fd \u0161perk. Tady tak\u00e9 nem\u016f\u017eete \u0161l\u00e1pnout vedle.\u010cern\u00e1 barva je po\u0159\u00e1d velmi obl\u00edben\u00e1 a n\u011bkter\u00e9 kombinace zkr\u00e1tka nikdy nem\u016f\u017eou omrzet. Tak\u017ee snad nikomu by v&nbsp;\u0161atn\u00edku nem\u011bla chyb\u011bt b\u00edl\u00e1 ko\u0161ile, \u010dern\u00e9 kalhoty, \u010dern\u00fd svet\u0159\u00edk nebo p\u0159ehoz a tak\u00e9 t\u0159eba \u010dern\u00e1 ko\u017een\u00e1 bunda. Jsem si jist\u00e1, \u017ee v\u011bt\u0161ina z&nbsp;v\u00e1s to tak i doma opravdu m\u00e1, a \u017ee \u010dernou nos\u00edte r\u00e1di. A nezapome\u0148te, \u017ee ve fantazii se meze nekladou.                                                                                                                                                                                                                                                                                                                                                                                        4.1\/5 - (9 votes)        "},{"@context":"https:\/\/schema.org\/","@type":"BreadcrumbList","itemListElement":[{"@type":"ListItem","position":1,"name":"Kouzeln\u00e1 \u010dern\u00e1","item":"https:\/\/www.aebi.cz\/kouzelna-cerna\/#breadcrumbitem"}]}]