[{"@context":"https:\/\/schema.org\/","@type":"Article","@id":"https:\/\/www.aebi.cz\/sos-v-beznem-zivote\/#Article","mainEntityOfPage":"https:\/\/www.aebi.cz\/sos-v-beznem-zivote\/","headline":"SOS v b\u011b\u017en\u00e9m \u017eivot\u011b","name":"SOS v b\u011b\u017en\u00e9m \u017eivot\u011b","description":"Sign\u00e1l SOS m\u00e1me spojen\u00fd s katastrofami. Je to sign\u00e1l vys\u00edlan\u00fd lidmi v nouzi, po ztroskot\u00e1n\u00ed a hav\u00e1ri\u00edch. Neuv\u011bdomujeme si, ale \u017ee s p\u0159ib\u00fdvaj\u00edc\u00edm v\u011bkem sign\u00e1l SOS m\u016f\u017eeme vys\u00edlat i my z na\u0161ich domov\u016f. Zvl\u00e1\u0161\u0165 osam\u011ble \u017eij\u00edc\u00ed senio\u0159i pot\u0159ebuji m\u00edt mo\u017enost vyslat sign\u00e1l SOS pro rychlou pomoc v p\u0159\u00edpad\u011b n\u00e1hl\u00fdch komplikac\u00ed \u010di p\u00e1du, ke kter\u00fdm maj\u00ed&hellip; ","datePublished":"2025-02-14","dateModified":"2025-02-14","author":{"@type":"Person","@id":"https:\/\/www.aebi.cz\/author\/#Person","name":"aebi.cz\n","url":"https:\/\/www.aebi.cz\/author\/","identifier":1,"image":{"@type":"ImageObject","@id":"https:\/\/secure.gravatar.com\/avatar\/e32c915fa5b274a4469e3ef5c1f9837e76577a60613858c5c8a74a3de98e33bc?s=96&d=mm&r=g","url":"https:\/\/secure.gravatar.com\/avatar\/e32c915fa5b274a4469e3ef5c1f9837e76577a60613858c5c8a74a3de98e33bc?s=96&d=mm&r=g","height":96,"width":96}},"publisher":{"@type":"Organization","name":"aebi.cz","logo":{"@type":"ImageObject","@id":"\/logo.png","url":"\/logo.png","width":600,"height":60}},"image":{"@type":"ImageObject","@id":"https:\/\/www.aebi.cz\/wp-content\/uploads\/man-5654815_640.jpg","url":"https:\/\/www.aebi.cz\/wp-content\/uploads\/man-5654815_640.jpg","height":0,"width":0},"url":"https:\/\/www.aebi.cz\/sos-v-beznem-zivote\/","about":["Produkty"],"wordCount":435,"articleBody":"   Sign\u00e1l SOS m\u00e1me spojen\u00fd s katastrofami. Je to sign\u00e1l vys\u00edlan\u00fd lidmi v nouzi, po ztroskot\u00e1n\u00ed a hav\u00e1ri\u00edch. Neuv\u011bdomujeme si, ale \u017ee s p\u0159ib\u00fdvaj\u00edc\u00edm v\u011bkem sign\u00e1l SOS m\u016f\u017eeme vys\u00edlat i my z na\u0161ich domov\u016f. Zvl\u00e1\u0161\u0165 osam\u011ble \u017eij\u00edc\u00ed senio\u0159i pot\u0159ebuji m\u00edt mo\u017enost vyslat sign\u00e1l SOS pro rychlou pomoc v p\u0159\u00edpad\u011b n\u00e1hl\u00fdch komplikac\u00ed \u010di p\u00e1du, ke kter\u00fdm maj\u00ed senio\u0159i velmi bl\u00edzko. Jejich bolav\u00e9 klouby a nejist\u00e1 ch\u016fze je \u010dasto p\u0159\u00ed\u010dinou p\u00e1d\u016f senior\u016f v byt\u011b a pokud \u017eij\u00ed osam\u011ble, mohou b\u00fdt tyto p\u00e1dy fat\u00e1ln\u00ed. M\u00edt mo\u017enost zavolat si pro pomoc je tak \u0159e\u0161en\u00edm t\u00e9to nep\u0159\u00edjemn\u00e9 situace a je to velice snadn\u00e9. Sta\u010d\u00ed m\u00edt bezdr\u00e1tov\u00e9 tla\u010d\u00edtko p\u0159ipevn\u011bn\u00e9 nap\u0159\u00edklad na z\u00e1p\u011bst\u00ed, kter\u00fdm si senior v p\u0159\u00edpad\u011b nouze zavol\u00e1 o pot\u0159ebnou pomoc. SOS port\u00e1l mohou ale tak\u00e9 vyu\u017e\u00edvat pracovn\u00edci v nebezpe\u010dn\u00fdch profes\u00edch, kte\u0159\u00ed se pohybuj\u00ed osamocen\u011b v nebezpe\u010dn\u00fdch prostor\u00e1ch, kdy v p\u0159\u00edpad\u011b \u00farazu je ot\u00e1zkou minut poskytnut\u00ed prvn\u00ed pomoci. V\u0161echny tyto t\u00eds\u0148ov\u00e9 p\u0159\u00edstroje pracuji na jin\u00fdch frekvenc\u00edch ne\u017e b\u011b\u017en\u00e9 mobily, proto nejsou z\u00e1visl\u00e9 na mobiln\u00edch oper\u00e1torech a na p\u0159\u00edpadn\u00fdch v\u00fdpadc\u00edch mobiln\u00ed s\u00edt\u011b. Vyslan\u00fd SOS sign\u00e1l se tak v\u017edy dostane na dispe\u010dink a pomoc tak bude rychle na cest\u011b. M\u00e1te obavy o sv\u00e9 osam\u011bl\u00e9 \u017eij\u00edc\u00ed rodi\u010de nebo prarodi\u010de? Nem\u016f\u017eete je denn\u011b kontrolovat osobn\u011b, ale chcete je m\u00edt pod kontrolou? Po\u0159i\u010fte jim SOS tla\u010d\u00edtka n\u00e1ramky a budete m\u00edt jistotu, \u017ee v p\u0159\u00edpad\u011b pot\u0159eby si zavolaj\u00ed rychlou pomoc. Budete klidn\u011bj\u0161\u00ed vy, ale i oni. S p\u0159ib\u00fdvaj\u00edc\u00edm v\u011bkem za\u010d\u00edn\u00e1me m\u00edt o sebe v\u00edce strach. S t\u00eds\u0148ov\u00fdm telefonem, \u010d\u00ed bezdr\u00e1tov\u00fdm tla\u010d\u00edtkem, kter\u00fdm si m\u016f\u017eeme p\u0159ivolat pomoc, m\u016f\u017eeme op\u011bt z\u00edskat pocit jistoty a strachu se m\u016f\u017eeme zbavit. Nejv\u011bt\u0161\u00ed strach toti\u017e m\u00e1me z toho, \u017ee v p\u0159\u00edpad\u011b p\u00e1du v na\u0161em byt\u011b n\u00e1m nikdo nepom\u016f\u017ee. S t\u00eds\u0148ov\u00fdm tla\u010d\u00edtkem nejste nikdy sami. S t\u00eds\u0148ov\u00fdm tla\u010d\u00edtkem u v\u00e1s bude pomoc d\u0159\u00edve, ne\u017e si dovedete p\u0159edstavit. Drobnost, kter\u00e1 m\u016f\u017ee zachr\u00e1nit \u017eivot.                                                                                                                                                                                                                                                                                                                                                                                          4.1\/5 - (12 votes)        "},{"@context":"https:\/\/schema.org\/","@type":"BreadcrumbList","itemListElement":[{"@type":"ListItem","position":1,"name":"SOS v b\u011b\u017en\u00e9m \u017eivot\u011b","item":"https:\/\/www.aebi.cz\/sos-v-beznem-zivote\/#breadcrumbitem"}]}]