[{"@context":"https:\/\/schema.org\/","@type":"Article","@id":"https:\/\/www.aebi.cz\/vedeni-ucetnictvi\/#Article","mainEntityOfPage":"https:\/\/www.aebi.cz\/vedeni-ucetnictvi\/","headline":"Veden\u00ed \u00fa\u010detnictv\u00ed","name":"Veden\u00ed \u00fa\u010detnictv\u00ed","description":"Kdy\u017e se \u0159ekne veden\u00ed \u00fa\u010detnictv\u00ed, ne ka\u017ed\u00fd si um\u00ed p\u0159edstavit, co to v\u0161e znamen\u00e1. N\u011bkdo si mus\u00ed n\u011bkoho najmout, aby tuto slo\u017eitou \u010dinnost musel vy\u0159e\u0161it, a pr\u00e1v\u011b pro takov\u00fd p\u0159\u00edpady jsme tu my a na\u0161e schopnosti, kter\u00e9 ur\u010dit\u011b p\u0159ijdou vhod, kdy\u017e to velice moc pot\u0159ebujete. Nev\u00e1hejte proto vyu\u017e\u00edt na\u0161e slu\u017eby. N\u00e1\u0161 \u00fakol je veden\u00ed \u00fa\u010detnictv\u00ed&hellip; ","datePublished":"2025-01-09","dateModified":"2025-01-09","author":{"@type":"Person","@id":"https:\/\/www.aebi.cz\/author\/#Person","name":"aebi.cz\n","url":"https:\/\/www.aebi.cz\/author\/","identifier":1,"image":{"@type":"ImageObject","@id":"https:\/\/secure.gravatar.com\/avatar\/e32c915fa5b274a4469e3ef5c1f9837e76577a60613858c5c8a74a3de98e33bc?s=96&d=mm&r=g","url":"https:\/\/secure.gravatar.com\/avatar\/e32c915fa5b274a4469e3ef5c1f9837e76577a60613858c5c8a74a3de98e33bc?s=96&d=mm&r=g","height":96,"width":96}},"publisher":{"@type":"Organization","name":"aebi.cz","logo":{"@type":"ImageObject","@id":"\/logo.png","url":"\/logo.png","width":600,"height":60}},"url":"https:\/\/www.aebi.cz\/vedeni-ucetnictvi\/","wordCount":180,"articleBody":"Kdy\u017e se \u0159ekne veden\u00ed \u00fa\u010detnictv\u00ed, ne ka\u017ed\u00fd si um\u00ed p\u0159edstavit, co to v\u0161e znamen\u00e1. N\u011bkdo si mus\u00ed n\u011bkoho najmout, aby tuto slo\u017eitou \u010dinnost musel vy\u0159e\u0161it, a pr\u00e1v\u011b pro takov\u00fd p\u0159\u00edpady jsme tu my a na\u0161e schopnosti, kter\u00e9 ur\u010dit\u011b p\u0159ijdou vhod, kdy\u017e to velice moc pot\u0159ebujete.Nev\u00e1hejte proto vyu\u017e\u00edt na\u0161e slu\u017eby. N\u00e1\u0161 \u00fakol je veden\u00ed \u00fa\u010detnictv\u00ed ka\u017ed\u00e9 firm\u011b, kter\u00e1 si o to za\u017e\u00e1dat, a kter\u00e1 to v\u00e1\u017en\u011b pot\u0159ebuje, proto\u017ee se na n\u00e1s m\u016f\u017eete obr\u00e1tit a m\u016f\u017eeme spolu prokonzultovat, co v\u0161echno bychom v\u00e1m mohli vy\u0159e\u0161it, v ot\u00e1zce \u00fa\u010detnictv\u00ed.Co v\u00edc si p\u0159\u00e1t?V\u00edc, ne\u017e na\u0161e veden\u00ed \u00fa\u010detnictv\u00ed vlastn\u011b ji\u017e nen\u00ed. Na\u0161e schopnosti jsou na \u0161pi\u010dce toho nejlep\u0161\u00ed, co byste mohli m\u00edt. Vyberte si proto n\u00e1s, proto\u017ee my v\u00e1m m\u016f\u017eeme poskytnout kvalitu, vy\u0161kolen\u00e9 pracovn\u00edky a hlavn\u011b radost, kterou budete m\u00edt, a\u017e n\u00e1s vyzkou\u0161\u00edte.                                                                                                                                                                                                                                                                                                                                                                                        4.3\/5 - (3 votes)        "},{"@context":"https:\/\/schema.org\/","@type":"BreadcrumbList","itemListElement":[{"@type":"ListItem","position":1,"name":"Veden\u00ed \u00fa\u010detnictv\u00ed","item":"https:\/\/www.aebi.cz\/vedeni-ucetnictvi\/#breadcrumbitem"}]}]