[{"@context":"https:\/\/schema.org\/","@type":"Article","@id":"https:\/\/www.aebi.cz\/vse-na-miru\/#Article","mainEntityOfPage":"https:\/\/www.aebi.cz\/vse-na-miru\/","headline":"V\u0161e na m\u00edru","name":"V\u0161e na m\u00edru","description":"L\u00edb\u00ed se v\u00e1m kuchyn\u011b Plze\u0148, kter\u00e9 p\u0159esn\u011b pasuj\u00ed do prostoru, proto\u017ee jsou d\u011bl\u00e1ny na m\u00edru? Vybrat si m\u016f\u017eete nejen z r\u016fzn\u00fdch druh\u016f d\u0159ev, kter\u00e9 se v\u00e1m l\u00edb\u00ed, ale tak\u00e9 z designu, kter\u00fd ur\u010duje t\u0159eba to, kolik poli\u010dek a jak\u00fdch a kde budete m\u00edt. Zastavte se u n\u00e1s P\u0159edstavte si, \u017ee vejdete do m\u00edstnosti, kde se&hellip; ","datePublished":"2025-08-29","dateModified":"2025-08-29","author":{"@type":"Person","@id":"https:\/\/www.aebi.cz\/author\/#Person","name":"aebi.cz\n","url":"https:\/\/www.aebi.cz\/author\/","identifier":1,"image":{"@type":"ImageObject","@id":"https:\/\/secure.gravatar.com\/avatar\/e32c915fa5b274a4469e3ef5c1f9837e76577a60613858c5c8a74a3de98e33bc?s=96&d=mm&r=g","url":"https:\/\/secure.gravatar.com\/avatar\/e32c915fa5b274a4469e3ef5c1f9837e76577a60613858c5c8a74a3de98e33bc?s=96&d=mm&r=g","height":96,"width":96}},"publisher":{"@type":"Organization","name":"aebi.cz","logo":{"@type":"ImageObject","@id":"\/logo.png","url":"\/logo.png","width":600,"height":60}},"url":"https:\/\/www.aebi.cz\/vse-na-miru\/","wordCount":194,"articleBody":"L\u00edb\u00ed se v\u00e1m kuchyn\u011b Plze\u0148, kter\u00e9 p\u0159esn\u011b pasuj\u00ed do prostoru, proto\u017ee jsou d\u011bl\u00e1ny na m\u00edru? Vybrat si m\u016f\u017eete nejen z r\u016fzn\u00fdch druh\u016f d\u0159ev, kter\u00e9 se v\u00e1m l\u00edb\u00ed, ale tak\u00e9 z designu, kter\u00fd ur\u010duje t\u0159eba to, kolik poli\u010dek a jak\u00fdch a kde budete m\u00edt. Zastavte se u n\u00e1s P\u0159edstavte si, \u017ee vejdete do m\u00edstnosti, kde se v\u00e1m zataj\u00ed dech. Zastav\u00edte se toti\u017e p\u0159ed modernitou dne\u0161n\u00edho bytov\u00e9ho designu. Linka p\u0159esn\u011b na sv\u00e9m m\u00edst\u011b, poli\u010dky a sk\u0159\u00ed\u0148ky p\u0159esn\u011b tak, aby odpov\u00eddaly majitelce a barvy, ze kter\u00fdch o\u010di p\u0159ech\u00e1z\u00ed. Po\u0159i\u010fte si i vy kuchyn\u011b Plze\u0148. Te\u010f u\u017e je nemus\u00edte z\u00e1vid\u011bt jen sv\u00fdm kamar\u00e1dk\u00e1m, ale m\u016f\u017eete je m\u00edt ve sv\u00e9 vlastn\u00ed dom\u00e1cnosti. Ud\u011bl\u00e1me v\u00e1m n\u00e1vrh proveden\u00ed a vy u\u017e si ur\u010d\u00edte, jak co chcete. Po spole\u010dn\u00fdch konzultac\u00edch se vrhneme na jeho v\u00fdrobu a na instalaci do va\u0161eho bytu \u010di domu.                                                                                                                                                                                                                                                                                                                                                                                                "},{"@context":"https:\/\/schema.org\/","@type":"BreadcrumbList","itemListElement":[{"@type":"ListItem","position":1,"name":"V\u0161e na m\u00edru","item":"https:\/\/www.aebi.cz\/vse-na-miru\/#breadcrumbitem"}]}]